{"id":1821,"date":"2023-07-19T14:24:48","date_gmt":"2023-07-19T12:24:48","guid":{"rendered":"https:\/\/www.batiment-formations.fr\/10\/?p=1821"},"modified":"2023-07-19T14:24:49","modified_gmt":"2023-07-19T12:24:49","slug":"la-formation-feebat-pourquoi-pas-vous","status":"publish","type":"post","link":"https:\/\/www.batiment-formations.fr\/10\/la-formation-feebat-pourquoi-pas-vous\/","title":{"rendered":"La Formation Feebat, pourquoi pas vous ?"},"content":{"rendered":"\n<p><\/p>\n\n\n\n<p>\u00c0 l\u2019heure o\u00f9 le gouvernement fran\u00e7ais invite plus que jamais les particuliers et les entreprises \u00e0 s\u2019engager dans la voie des \u00e9conomies d\u2019\u00e9nergie, la r\u00e9novation \u00e9nerg\u00e9tique des logements est plus que jamais au go\u00fbt du jour.<\/p>\n\n\n\n<p><strong>I<\/strong>. <strong>Qu&rsquo;est ce que la formation FEEBAT ?<\/strong><br><br>La formation permet \u00e9galement aux professionnels, d\u2019optimiser leurs programmes de travaux et de d\u00e9velopper leur activit\u00e9 ainsi que leur chiffre d\u2019affaires. En misant sur la formation Feebat, les sp\u00e9cialistes du secteur deviendront RGE et auront une vision globale du b\u00e2timent pour am\u00e9liorer les performances des logements.<br><br><strong>II. Le label RGE : d\u00e9finition et int\u00e9r\u00eat.<\/strong><br><br><strong>RGE signifie \u00ab\u00a0Reconnu garant de l&rsquo;environnement\u00a0\u00bb.<\/strong> Le label a \u00e9t\u00e9 cr\u00e9\u00e9 en 2011 pour <strong>aider les particuliers \u00e0 trouver un professionnel pour les accompagner dans une d\u00e9marche d&rsquo;efficacit\u00e9 \u00e9nerg\u00e9tique.<\/strong><br><br>Au d\u00e9part, la certification \u00e9tait r\u00e9serv\u00e9e aux corps de m\u00e9tier directement concern\u00e9s par la r\u00e9novation \u00e9nerg\u00e9tique (chauffagistes, professionnels de l&rsquo;isolation&#8230;), puis elle a \u00e9t\u00e9 \u00e9tendue aux prestations d&rsquo;ing\u00e9nierie et de ma\u00eetrise d&rsquo;\u0153uvre.<br><br><strong>Devenir RGE vous permet d&rsquo;attirer les clients en les rassurant sur le fait que votre entreprise dispose de toutes les assurances n\u00e9cessaires, que vous \u00eates comp\u00e9tent dans votre m\u00e9tier et que vous pouvez les conseiller en mati\u00e8re de r\u00e9novation \u00e9nerg\u00e9tique.<\/strong><br><br><strong>III. Les \u00e9tapes.<\/strong><br><br>Vous devez tout d&rsquo;abord suivre la formation et passer un examen lors de la derni\u00e8re journ\u00e9e du stage (r\u00e9servez d\u00e8s maintenant votre place en contactant le service formation : Audrey au 03 25 76 27 80 \/ 07 88 17 84 01).<br><a href=\"https:\/\/www.capeb.fr\/www\/capeb\/media\/\/aube\/document\/BI_FEEBAT_2023.pdf\">T\u00e9l\u00e9chargez le Bulletin d&rsquo;Inscription F\u00b0 FEEBAT.<\/a><br>Si vous validez votre stage, vous pouvez ensuite pr\u00e9tendre \u00e0 l&rsquo;obtention du label dans la.les cat\u00e9gorie.s souhait\u00e9.es.<br><br>Afin de vous aider dans ces d\u00e9marches, le service qualification de la CAPEB est \u00e0 votre disposition. Annabelle vous aidera \u00e0 d\u00e9terminer le label et le.s cat\u00e9gorie.s n\u00e9cessaire.s \u00e0 votre activit\u00e9. Elle pourra \u00e9galement vous accompagner dans le montage administratif de votre dossier.<\/p>\n","protected":false},"excerpt":{"rendered":"<p>\u00c0 l\u2019heure o\u00f9 le gouvernement fran\u00e7ais invite plus que jamais les particuliers et les entreprises \u00e0 s\u2019engager dans la voie des \u00e9conomies [&hellip;]<\/p>\n","protected":false},"author":15,"featured_media":1831,"comment_status":"open","ping_status":"open","sticky":false,"template":"","format":"standard","meta":{"footnotes":""},"class_list":["post-1821","post","type-post","status-publish","format-standard","has-post-thumbnail","hentry"],"yoast_head":"<!-- This site is optimized with the Yoast SEO plugin v27.5 - https:\/\/yoast.com\/product\/yoast-seo-wordpress\/ -->\n<title>La Formation Feebat, pourquoi pas vous ? - CAPEB Formations Aube<\/title>\n<meta name=\"robots\" content=\"index, follow, max-snippet:-1, max-image-preview:large, max-video-preview:-1\" \/>\n<link rel=\"canonical\" href=\"https:\/\/www.batiment-formations.fr\/10\/la-formation-feebat-pourquoi-pas-vous\/\" \/>\n<meta property=\"og:locale\" content=\"fr_FR\" \/>\n<meta property=\"og:type\" content=\"article\" \/>\n<meta property=\"og:title\" content=\"La Formation Feebat, pourquoi pas vous ? - CAPEB Formations Aube\" \/>\n<meta property=\"og:description\" content=\"\u00c0 l\u2019heure o\u00f9 le gouvernement fran\u00e7ais invite plus que jamais les particuliers et les entreprises \u00e0 s\u2019engager dans la voie des \u00e9conomies [&hellip;]\" \/>\n<meta property=\"og:url\" content=\"https:\/\/www.batiment-formations.fr\/10\/la-formation-feebat-pourquoi-pas-vous\/\" \/>\n<meta property=\"og:site_name\" content=\"CAPEB Formations Aube\" \/>\n<meta property=\"article:published_time\" content=\"2023-07-19T12:24:48+00:00\" \/>\n<meta property=\"article:modified_time\" content=\"2023-07-19T12:24:49+00:00\" \/>\n<meta property=\"og:image\" content=\"https:\/\/www.batiment-formations.fr\/10\/wp-content\/uploads\/2023\/07\/web_banniere_Feebat-.png\" \/>\n\t<meta property=\"og:image:width\" content=\"1941\" \/>\n\t<meta property=\"og:image:height\" content=\"481\" \/>\n\t<meta property=\"og:image:type\" content=\"image\/png\" \/>\n<meta name=\"author\" content=\"CAPEB Aube\" \/>\n<meta name=\"twitter:card\" content=\"summary_large_image\" \/>\n<meta name=\"twitter:label1\" content=\"\u00c9crit par\" \/>\n\t<meta name=\"twitter:data1\" content=\"CAPEB Aube\" \/>\n\t<meta name=\"twitter:label2\" content=\"Dur\u00e9e de lecture estim\u00e9e\" \/>\n\t<meta name=\"twitter:data2\" content=\"2 minutes\" \/>\n<script type=\"application\/ld+json\" class=\"yoast-schema-graph\">{\"@context\":\"https:\\\/\\\/schema.org\",\"@graph\":[{\"@type\":\"Article\",\"@id\":\"https:\\\/\\\/www.batiment-formations.fr\\\/10\\\/la-formation-feebat-pourquoi-pas-vous\\\/#article\",\"isPartOf\":{\"@id\":\"https:\\\/\\\/www.batiment-formations.fr\\\/10\\\/la-formation-feebat-pourquoi-pas-vous\\\/\"},\"author\":{\"name\":\"CAPEB Aube\",\"@id\":\"https:\\\/\\\/www.batiment-formations.fr\\\/10\\\/#\\\/schema\\\/person\\\/178ffd88f8e9e48b56a742d9765e9497\"},\"headline\":\"La Formation Feebat, pourquoi pas vous ?\",\"datePublished\":\"2023-07-19T12:24:48+00:00\",\"dateModified\":\"2023-07-19T12:24:49+00:00\",\"mainEntityOfPage\":{\"@id\":\"https:\\\/\\\/www.batiment-formations.fr\\\/10\\\/la-formation-feebat-pourquoi-pas-vous\\\/\"},\"wordCount\":346,\"commentCount\":0,\"image\":{\"@id\":\"https:\\\/\\\/www.batiment-formations.fr\\\/10\\\/la-formation-feebat-pourquoi-pas-vous\\\/#primaryimage\"},\"thumbnailUrl\":\"https:\\\/\\\/www.batiment-formations.fr\\\/10\\\/wp-content\\\/uploads\\\/2023\\\/07\\\/web_banniere_Feebat-.png\",\"inLanguage\":\"fr-FR\",\"potentialAction\":[{\"@type\":\"CommentAction\",\"name\":\"Comment\",\"target\":[\"https:\\\/\\\/www.batiment-formations.fr\\\/10\\\/la-formation-feebat-pourquoi-pas-vous\\\/#respond\"]}]},{\"@type\":\"WebPage\",\"@id\":\"https:\\\/\\\/www.batiment-formations.fr\\\/10\\\/la-formation-feebat-pourquoi-pas-vous\\\/\",\"url\":\"https:\\\/\\\/www.batiment-formations.fr\\\/10\\\/la-formation-feebat-pourquoi-pas-vous\\\/\",\"name\":\"La Formation Feebat, pourquoi pas vous ? - CAPEB Formations Aube\",\"isPartOf\":{\"@id\":\"https:\\\/\\\/www.batiment-formations.fr\\\/10\\\/#website\"},\"primaryImageOfPage\":{\"@id\":\"https:\\\/\\\/www.batiment-formations.fr\\\/10\\\/la-formation-feebat-pourquoi-pas-vous\\\/#primaryimage\"},\"image\":{\"@id\":\"https:\\\/\\\/www.batiment-formations.fr\\\/10\\\/la-formation-feebat-pourquoi-pas-vous\\\/#primaryimage\"},\"thumbnailUrl\":\"https:\\\/\\\/www.batiment-formations.fr\\\/10\\\/wp-content\\\/uploads\\\/2023\\\/07\\\/web_banniere_Feebat-.png\",\"datePublished\":\"2023-07-19T12:24:48+00:00\",\"dateModified\":\"2023-07-19T12:24:49+00:00\",\"author\":{\"@id\":\"https:\\\/\\\/www.batiment-formations.fr\\\/10\\\/#\\\/schema\\\/person\\\/178ffd88f8e9e48b56a742d9765e9497\"},\"breadcrumb\":{\"@id\":\"https:\\\/\\\/www.batiment-formations.fr\\\/10\\\/la-formation-feebat-pourquoi-pas-vous\\\/#breadcrumb\"},\"inLanguage\":\"fr-FR\",\"potentialAction\":[{\"@type\":\"ReadAction\",\"target\":[\"https:\\\/\\\/www.batiment-formations.fr\\\/10\\\/la-formation-feebat-pourquoi-pas-vous\\\/\"]}]},{\"@type\":\"ImageObject\",\"inLanguage\":\"fr-FR\",\"@id\":\"https:\\\/\\\/www.batiment-formations.fr\\\/10\\\/la-formation-feebat-pourquoi-pas-vous\\\/#primaryimage\",\"url\":\"https:\\\/\\\/www.batiment-formations.fr\\\/10\\\/wp-content\\\/uploads\\\/2023\\\/07\\\/web_banniere_Feebat-.png\",\"contentUrl\":\"https:\\\/\\\/www.batiment-formations.fr\\\/10\\\/wp-content\\\/uploads\\\/2023\\\/07\\\/web_banniere_Feebat-.png\",\"width\":1941,\"height\":481},{\"@type\":\"BreadcrumbList\",\"@id\":\"https:\\\/\\\/www.batiment-formations.fr\\\/10\\\/la-formation-feebat-pourquoi-pas-vous\\\/#breadcrumb\",\"itemListElement\":[{\"@type\":\"ListItem\",\"position\":1,\"name\":\"Accueil\",\"item\":\"https:\\\/\\\/www.batiment-formations.fr\\\/10\\\/\"},{\"@type\":\"ListItem\",\"position\":2,\"name\":\"La Formation Feebat, pourquoi pas vous ?\"}]},{\"@type\":\"WebSite\",\"@id\":\"https:\\\/\\\/www.batiment-formations.fr\\\/10\\\/#website\",\"url\":\"https:\\\/\\\/www.batiment-formations.fr\\\/10\\\/\",\"name\":\"CAPEB Formations Aube\",\"description\":\"\",\"potentialAction\":[{\"@type\":\"SearchAction\",\"target\":{\"@type\":\"EntryPoint\",\"urlTemplate\":\"https:\\\/\\\/www.batiment-formations.fr\\\/10\\\/?s={search_term_string}\"},\"query-input\":{\"@type\":\"PropertyValueSpecification\",\"valueRequired\":true,\"valueName\":\"search_term_string\"}}],\"inLanguage\":\"fr-FR\"},{\"@type\":\"Person\",\"@id\":\"https:\\\/\\\/www.batiment-formations.fr\\\/10\\\/#\\\/schema\\\/person\\\/178ffd88f8e9e48b56a742d9765e9497\",\"name\":\"CAPEB Aube\",\"image\":{\"@type\":\"ImageObject\",\"inLanguage\":\"fr-FR\",\"@id\":\"https:\\\/\\\/secure.gravatar.com\\\/avatar\\\/82a874bf651ef3c0998e30198fe9ce8c517268d4227b03bd2ea5c8130c5c4c5d?s=96&d=mm&r=g\",\"url\":\"https:\\\/\\\/secure.gravatar.com\\\/avatar\\\/82a874bf651ef3c0998e30198fe9ce8c517268d4227b03bd2ea5c8130c5c4c5d?s=96&d=mm&r=g\",\"contentUrl\":\"https:\\\/\\\/secure.gravatar.com\\\/avatar\\\/82a874bf651ef3c0998e30198fe9ce8c517268d4227b03bd2ea5c8130c5c4c5d?s=96&d=mm&r=g\",\"caption\":\"CAPEB Aube\"}},{\"@type\":\"Organization\",\"@id\":\"https:\\\/\\\/www.batiment-formations.fr\\\/10\\\/#Organization\",\"name\":\"CAPEB Formations Aube\",\"address\":{\"@type\":\"PostalAddress\",\"streetAddress\":\"14 rue Am\u00e9d\u00e9e Boll\u00e9e\",\"addressLocality\":\"BARBEREY ST SULPICE\",\"postalCode\":\"10600\",\"addressCountry\":\"FR\"}}]}<\/script>\n<!-- \/ Yoast SEO plugin. -->","yoast_head_json":{"title":"La Formation Feebat, pourquoi pas vous ? - CAPEB Formations Aube","robots":{"index":"index","follow":"follow","max-snippet":"max-snippet:-1","max-image-preview":"max-image-preview:large","max-video-preview":"max-video-preview:-1"},"canonical":"https:\/\/www.batiment-formations.fr\/10\/la-formation-feebat-pourquoi-pas-vous\/","og_locale":"fr_FR","og_type":"article","og_title":"La Formation Feebat, pourquoi pas vous ? - CAPEB Formations Aube","og_description":"\u00c0 l\u2019heure o\u00f9 le gouvernement fran\u00e7ais invite plus que jamais les particuliers et les entreprises \u00e0 s\u2019engager dans la voie des \u00e9conomies [&hellip;]","og_url":"https:\/\/www.batiment-formations.fr\/10\/la-formation-feebat-pourquoi-pas-vous\/","og_site_name":"CAPEB Formations Aube","article_published_time":"2023-07-19T12:24:48+00:00","article_modified_time":"2023-07-19T12:24:49+00:00","og_image":[{"width":1941,"height":481,"url":"https:\/\/www.batiment-formations.fr\/10\/wp-content\/uploads\/2023\/07\/web_banniere_Feebat-.png","type":"image\/png"}],"author":"CAPEB Aube","twitter_card":"summary_large_image","twitter_misc":{"\u00c9crit par":"CAPEB Aube","Dur\u00e9e de lecture estim\u00e9e":"2 minutes"},"schema":{"@context":"https:\/\/schema.org","@graph":[{"@type":"Article","@id":"https:\/\/www.batiment-formations.fr\/10\/la-formation-feebat-pourquoi-pas-vous\/#article","isPartOf":{"@id":"https:\/\/www.batiment-formations.fr\/10\/la-formation-feebat-pourquoi-pas-vous\/"},"author":{"name":"CAPEB Aube","@id":"https:\/\/www.batiment-formations.fr\/10\/#\/schema\/person\/178ffd88f8e9e48b56a742d9765e9497"},"headline":"La Formation Feebat, pourquoi pas vous ?","datePublished":"2023-07-19T12:24:48+00:00","dateModified":"2023-07-19T12:24:49+00:00","mainEntityOfPage":{"@id":"https:\/\/www.batiment-formations.fr\/10\/la-formation-feebat-pourquoi-pas-vous\/"},"wordCount":346,"commentCount":0,"image":{"@id":"https:\/\/www.batiment-formations.fr\/10\/la-formation-feebat-pourquoi-pas-vous\/#primaryimage"},"thumbnailUrl":"https:\/\/www.batiment-formations.fr\/10\/wp-content\/uploads\/2023\/07\/web_banniere_Feebat-.png","inLanguage":"fr-FR","potentialAction":[{"@type":"CommentAction","name":"Comment","target":["https:\/\/www.batiment-formations.fr\/10\/la-formation-feebat-pourquoi-pas-vous\/#respond"]}]},{"@type":"WebPage","@id":"https:\/\/www.batiment-formations.fr\/10\/la-formation-feebat-pourquoi-pas-vous\/","url":"https:\/\/www.batiment-formations.fr\/10\/la-formation-feebat-pourquoi-pas-vous\/","name":"La Formation Feebat, pourquoi pas vous ? - CAPEB Formations Aube","isPartOf":{"@id":"https:\/\/www.batiment-formations.fr\/10\/#website"},"primaryImageOfPage":{"@id":"https:\/\/www.batiment-formations.fr\/10\/la-formation-feebat-pourquoi-pas-vous\/#primaryimage"},"image":{"@id":"https:\/\/www.batiment-formations.fr\/10\/la-formation-feebat-pourquoi-pas-vous\/#primaryimage"},"thumbnailUrl":"https:\/\/www.batiment-formations.fr\/10\/wp-content\/uploads\/2023\/07\/web_banniere_Feebat-.png","datePublished":"2023-07-19T12:24:48+00:00","dateModified":"2023-07-19T12:24:49+00:00","author":{"@id":"https:\/\/www.batiment-formations.fr\/10\/#\/schema\/person\/178ffd88f8e9e48b56a742d9765e9497"},"breadcrumb":{"@id":"https:\/\/www.batiment-formations.fr\/10\/la-formation-feebat-pourquoi-pas-vous\/#breadcrumb"},"inLanguage":"fr-FR","potentialAction":[{"@type":"ReadAction","target":["https:\/\/www.batiment-formations.fr\/10\/la-formation-feebat-pourquoi-pas-vous\/"]}]},{"@type":"ImageObject","inLanguage":"fr-FR","@id":"https:\/\/www.batiment-formations.fr\/10\/la-formation-feebat-pourquoi-pas-vous\/#primaryimage","url":"https:\/\/www.batiment-formations.fr\/10\/wp-content\/uploads\/2023\/07\/web_banniere_Feebat-.png","contentUrl":"https:\/\/www.batiment-formations.fr\/10\/wp-content\/uploads\/2023\/07\/web_banniere_Feebat-.png","width":1941,"height":481},{"@type":"BreadcrumbList","@id":"https:\/\/www.batiment-formations.fr\/10\/la-formation-feebat-pourquoi-pas-vous\/#breadcrumb","itemListElement":[{"@type":"ListItem","position":1,"name":"Accueil","item":"https:\/\/www.batiment-formations.fr\/10\/"},{"@type":"ListItem","position":2,"name":"La Formation Feebat, pourquoi pas vous ?"}]},{"@type":"WebSite","@id":"https:\/\/www.batiment-formations.fr\/10\/#website","url":"https:\/\/www.batiment-formations.fr\/10\/","name":"CAPEB Formations Aube","description":"","potentialAction":[{"@type":"SearchAction","target":{"@type":"EntryPoint","urlTemplate":"https:\/\/www.batiment-formations.fr\/10\/?s={search_term_string}"},"query-input":{"@type":"PropertyValueSpecification","valueRequired":true,"valueName":"search_term_string"}}],"inLanguage":"fr-FR"},{"@type":"Person","@id":"https:\/\/www.batiment-formations.fr\/10\/#\/schema\/person\/178ffd88f8e9e48b56a742d9765e9497","name":"CAPEB Aube","image":{"@type":"ImageObject","inLanguage":"fr-FR","@id":"https:\/\/secure.gravatar.com\/avatar\/82a874bf651ef3c0998e30198fe9ce8c517268d4227b03bd2ea5c8130c5c4c5d?s=96&d=mm&r=g","url":"https:\/\/secure.gravatar.com\/avatar\/82a874bf651ef3c0998e30198fe9ce8c517268d4227b03bd2ea5c8130c5c4c5d?s=96&d=mm&r=g","contentUrl":"https:\/\/secure.gravatar.com\/avatar\/82a874bf651ef3c0998e30198fe9ce8c517268d4227b03bd2ea5c8130c5c4c5d?s=96&d=mm&r=g","caption":"CAPEB Aube"}},{"@type":"Organization","@id":"https:\/\/www.batiment-formations.fr\/10\/#Organization","name":"CAPEB Formations Aube","address":{"@type":"PostalAddress","streetAddress":"14 rue Am\u00e9d\u00e9e Boll\u00e9e","addressLocality":"BARBEREY ST SULPICE","postalCode":"10600","addressCountry":"FR"}}]}},"_links":{"self":[{"href":"https:\/\/www.batiment-formations.fr\/10\/wp-json\/wp\/v2\/posts\/1821","targetHints":{"allow":["GET"]}}],"collection":[{"href":"https:\/\/www.batiment-formations.fr\/10\/wp-json\/wp\/v2\/posts"}],"about":[{"href":"https:\/\/www.batiment-formations.fr\/10\/wp-json\/wp\/v2\/types\/post"}],"author":[{"embeddable":true,"href":"https:\/\/www.batiment-formations.fr\/10\/wp-json\/wp\/v2\/users\/15"}],"replies":[{"embeddable":true,"href":"https:\/\/www.batiment-formations.fr\/10\/wp-json\/wp\/v2\/comments?post=1821"}],"version-history":[{"count":3,"href":"https:\/\/www.batiment-formations.fr\/10\/wp-json\/wp\/v2\/posts\/1821\/revisions"}],"predecessor-version":[{"id":1832,"href":"https:\/\/www.batiment-formations.fr\/10\/wp-json\/wp\/v2\/posts\/1821\/revisions\/1832"}],"wp:featuredmedia":[{"embeddable":true,"href":"https:\/\/www.batiment-formations.fr\/10\/wp-json\/wp\/v2\/media\/1831"}],"wp:attachment":[{"href":"https:\/\/www.batiment-formations.fr\/10\/wp-json\/wp\/v2\/media?parent=1821"}],"curies":[{"name":"wp","href":"https:\/\/api.w.org\/{rel}","templated":true}]}}