{"id":1896,"date":"2023-07-20T08:20:17","date_gmt":"2023-07-20T06:20:17","guid":{"rendered":"https:\/\/www.batiment-formations.fr\/10\/?p=1896"},"modified":"2023-07-20T13:40:32","modified_gmt":"2023-07-20T11:40:32","slug":"fafcea-evolution-des-criteres-de-prise-en-charge-au-1er-juillet-2023","status":"publish","type":"post","link":"https:\/\/www.batiment-formations.fr\/10\/fafcea-evolution-des-criteres-de-prise-en-charge-au-1er-juillet-2023\/","title":{"rendered":"FAFCEA\u00a0: \u00e9volution des crit\u00e8res de prise en charge au 1er juillet 2023"},"content":{"rendered":"\n<p>Le conseil d\u2019administration du FAFCEA a d\u00e9cid\u00e9 d\u2019ajuster les crit\u00e8res de prises en charge pour les formations d\u00e9butant \u00e0 compter du 1<sup>er<\/sup> juillet 2023.<\/p>\n\n\n\n<p><strong>En r\u00e9sum\u00e9, les principales d\u00e9cisions sont les suivantes&nbsp;:<\/strong><\/p>\n\n\n\n<p><strong>Co\u00fbts p\u00e9dagogiques pour le B\u00e2timent :<\/strong><\/p>\n\n\n\n<ul class=\"wp-block-list\">\n<li>\u00ad Stages techniques : augmentation de 30\u20ac &nbsp;\u00e0 35\u20ac\/heure ;<\/li>\n\n\n\n<li><strong>Prise en charge des formations dipl\u00f4mantes et certifiantes<\/strong>&nbsp;inscrites au RNCP&nbsp;: prise en charge \u00e0 titre subsidiaire ou compl\u00e9mentaire du cpf \u00e0 hauteur de 7500\u20ac par action dans la limite d\u2019un cout horaire maximum de 30\u20ac.<\/li>\n\n\n\n<li><strong>D\u00e9veloppement durable&nbsp;: <\/strong>prise en charge d\u2019un cout horaire maximum de 35\u20ac dans la limite de 14 heures par an.<\/li>\n\n\n\n<li><strong>Frais annexes&nbsp;: <\/strong>prise en charges des frais annexes \u00e0 hauteur de 200\u20ac par stage. Et prise en charge de 1000\u20ac maximum pour les formations dipl\u00f4mantes inscrites au RNCP de plus de 120 heures (transport, h\u00e9bergement, restauration). Attention \u00e0 bien conserver les justificatifs de d\u00e9penses en cas de contr\u00f4les \u00e0 posteriori.<\/li>\n<\/ul>\n\n\n\n<p><strong>Pour les dossiers d\u00e9j\u00e0 saisis et dont les formations ont d\u00e9but\u00e9 \u00e0 partir du 1er juillet 2023&nbsp;:<\/strong><\/p>\n\n\n\n<p><strong>Prise en charge automatiquement major\u00e9e par le FAFCEA<\/strong>&nbsp;suivant les co\u00fbts horaires ci-dessus dans la limite des co\u00fbts p\u00e9dagogiques factur\u00e9s.<br><br><br><br>le service formation de la CAPEB et CNATP de l\u2019aube reste \u00e0 votre disposition pour \u00e9tablir toutes vos demandes de prise en charge. Attention&nbsp;: les dossiers doivent \u00eatre initi\u00e9s avant le commencement de la formation.<br><br><\/p>\n","protected":false},"excerpt":{"rendered":"<p>Le conseil d\u2019administration du FAFCEA a d\u00e9cid\u00e9 d\u2019ajuster les crit\u00e8res de prises en charge pour les formations d\u00e9butant \u00e0 compter du 1er [&hellip;]<\/p>\n","protected":false},"author":15,"featured_media":1902,"comment_status":"open","ping_status":"open","sticky":false,"template":"","format":"standard","meta":{"footnotes":""},"class_list":["post-1896","post","type-post","status-publish","format-standard","has-post-thumbnail","hentry"],"yoast_head":"<!-- This site is optimized with the Yoast SEO plugin v27.5 - https:\/\/yoast.com\/product\/yoast-seo-wordpress\/ -->\n<title>FAFCEA\u00a0: \u00e9volution des crit\u00e8res de prise en charge au 1er juillet 2023 - CAPEB Formations Aube<\/title>\n<meta name=\"robots\" content=\"index, follow, max-snippet:-1, max-image-preview:large, max-video-preview:-1\" \/>\n<link rel=\"canonical\" href=\"https:\/\/www.batiment-formations.fr\/10\/fafcea-evolution-des-criteres-de-prise-en-charge-au-1er-juillet-2023\/\" \/>\n<meta property=\"og:locale\" content=\"fr_FR\" \/>\n<meta property=\"og:type\" content=\"article\" \/>\n<meta property=\"og:title\" content=\"FAFCEA\u00a0: \u00e9volution des crit\u00e8res de prise en charge au 1er juillet 2023 - CAPEB Formations Aube\" \/>\n<meta property=\"og:description\" content=\"Le conseil d\u2019administration du FAFCEA a d\u00e9cid\u00e9 d\u2019ajuster les crit\u00e8res de prises en charge pour les formations d\u00e9butant \u00e0 compter du 1er [&hellip;]\" \/>\n<meta property=\"og:url\" content=\"https:\/\/www.batiment-formations.fr\/10\/fafcea-evolution-des-criteres-de-prise-en-charge-au-1er-juillet-2023\/\" \/>\n<meta property=\"og:site_name\" content=\"CAPEB Formations Aube\" \/>\n<meta property=\"article:published_time\" content=\"2023-07-20T06:20:17+00:00\" \/>\n<meta property=\"article:modified_time\" content=\"2023-07-20T11:40:32+00:00\" \/>\n<meta property=\"og:image\" content=\"https:\/\/www.batiment-formations.fr\/10\/wp-content\/uploads\/2023\/07\/FAFCEA.png\" \/>\n\t<meta property=\"og:image:width\" content=\"986\" \/>\n\t<meta property=\"og:image:height\" content=\"362\" \/>\n\t<meta property=\"og:image:type\" content=\"image\/png\" \/>\n<meta name=\"author\" content=\"CAPEB Aube\" \/>\n<meta name=\"twitter:card\" content=\"summary_large_image\" \/>\n<meta name=\"twitter:label1\" content=\"\u00c9crit par\" \/>\n\t<meta name=\"twitter:data1\" content=\"CAPEB Aube\" \/>\n\t<meta name=\"twitter:label2\" content=\"Dur\u00e9e de lecture estim\u00e9e\" \/>\n\t<meta name=\"twitter:data2\" content=\"1 minute\" \/>\n<script type=\"application\/ld+json\" class=\"yoast-schema-graph\">{\"@context\":\"https:\\\/\\\/schema.org\",\"@graph\":[{\"@type\":\"Article\",\"@id\":\"https:\\\/\\\/www.batiment-formations.fr\\\/10\\\/fafcea-evolution-des-criteres-de-prise-en-charge-au-1er-juillet-2023\\\/#article\",\"isPartOf\":{\"@id\":\"https:\\\/\\\/www.batiment-formations.fr\\\/10\\\/fafcea-evolution-des-criteres-de-prise-en-charge-au-1er-juillet-2023\\\/\"},\"author\":{\"name\":\"CAPEB Aube\",\"@id\":\"https:\\\/\\\/www.batiment-formations.fr\\\/10\\\/#\\\/schema\\\/person\\\/178ffd88f8e9e48b56a742d9765e9497\"},\"headline\":\"FAFCEA\u00a0: \u00e9volution des crit\u00e8res de prise en charge au 1er juillet 2023\",\"datePublished\":\"2023-07-20T06:20:17+00:00\",\"dateModified\":\"2023-07-20T11:40:32+00:00\",\"mainEntityOfPage\":{\"@id\":\"https:\\\/\\\/www.batiment-formations.fr\\\/10\\\/fafcea-evolution-des-criteres-de-prise-en-charge-au-1er-juillet-2023\\\/\"},\"wordCount\":251,\"commentCount\":0,\"image\":{\"@id\":\"https:\\\/\\\/www.batiment-formations.fr\\\/10\\\/fafcea-evolution-des-criteres-de-prise-en-charge-au-1er-juillet-2023\\\/#primaryimage\"},\"thumbnailUrl\":\"https:\\\/\\\/www.batiment-formations.fr\\\/10\\\/wp-content\\\/uploads\\\/2023\\\/07\\\/FAFCEA.png\",\"inLanguage\":\"fr-FR\",\"potentialAction\":[{\"@type\":\"CommentAction\",\"name\":\"Comment\",\"target\":[\"https:\\\/\\\/www.batiment-formations.fr\\\/10\\\/fafcea-evolution-des-criteres-de-prise-en-charge-au-1er-juillet-2023\\\/#respond\"]}]},{\"@type\":\"WebPage\",\"@id\":\"https:\\\/\\\/www.batiment-formations.fr\\\/10\\\/fafcea-evolution-des-criteres-de-prise-en-charge-au-1er-juillet-2023\\\/\",\"url\":\"https:\\\/\\\/www.batiment-formations.fr\\\/10\\\/fafcea-evolution-des-criteres-de-prise-en-charge-au-1er-juillet-2023\\\/\",\"name\":\"FAFCEA\u00a0: \u00e9volution des crit\u00e8res de prise en charge au 1er juillet 2023 - CAPEB Formations Aube\",\"isPartOf\":{\"@id\":\"https:\\\/\\\/www.batiment-formations.fr\\\/10\\\/#website\"},\"primaryImageOfPage\":{\"@id\":\"https:\\\/\\\/www.batiment-formations.fr\\\/10\\\/fafcea-evolution-des-criteres-de-prise-en-charge-au-1er-juillet-2023\\\/#primaryimage\"},\"image\":{\"@id\":\"https:\\\/\\\/www.batiment-formations.fr\\\/10\\\/fafcea-evolution-des-criteres-de-prise-en-charge-au-1er-juillet-2023\\\/#primaryimage\"},\"thumbnailUrl\":\"https:\\\/\\\/www.batiment-formations.fr\\\/10\\\/wp-content\\\/uploads\\\/2023\\\/07\\\/FAFCEA.png\",\"datePublished\":\"2023-07-20T06:20:17+00:00\",\"dateModified\":\"2023-07-20T11:40:32+00:00\",\"author\":{\"@id\":\"https:\\\/\\\/www.batiment-formations.fr\\\/10\\\/#\\\/schema\\\/person\\\/178ffd88f8e9e48b56a742d9765e9497\"},\"breadcrumb\":{\"@id\":\"https:\\\/\\\/www.batiment-formations.fr\\\/10\\\/fafcea-evolution-des-criteres-de-prise-en-charge-au-1er-juillet-2023\\\/#breadcrumb\"},\"inLanguage\":\"fr-FR\",\"potentialAction\":[{\"@type\":\"ReadAction\",\"target\":[\"https:\\\/\\\/www.batiment-formations.fr\\\/10\\\/fafcea-evolution-des-criteres-de-prise-en-charge-au-1er-juillet-2023\\\/\"]}]},{\"@type\":\"ImageObject\",\"inLanguage\":\"fr-FR\",\"@id\":\"https:\\\/\\\/www.batiment-formations.fr\\\/10\\\/fafcea-evolution-des-criteres-de-prise-en-charge-au-1er-juillet-2023\\\/#primaryimage\",\"url\":\"https:\\\/\\\/www.batiment-formations.fr\\\/10\\\/wp-content\\\/uploads\\\/2023\\\/07\\\/FAFCEA.png\",\"contentUrl\":\"https:\\\/\\\/www.batiment-formations.fr\\\/10\\\/wp-content\\\/uploads\\\/2023\\\/07\\\/FAFCEA.png\",\"width\":986,\"height\":362},{\"@type\":\"BreadcrumbList\",\"@id\":\"https:\\\/\\\/www.batiment-formations.fr\\\/10\\\/fafcea-evolution-des-criteres-de-prise-en-charge-au-1er-juillet-2023\\\/#breadcrumb\",\"itemListElement\":[{\"@type\":\"ListItem\",\"position\":1,\"name\":\"Accueil\",\"item\":\"https:\\\/\\\/www.batiment-formations.fr\\\/10\\\/\"},{\"@type\":\"ListItem\",\"position\":2,\"name\":\"FAFCEA\u00a0: \u00e9volution des crit\u00e8res de prise en charge au 1er juillet 2023\"}]},{\"@type\":\"WebSite\",\"@id\":\"https:\\\/\\\/www.batiment-formations.fr\\\/10\\\/#website\",\"url\":\"https:\\\/\\\/www.batiment-formations.fr\\\/10\\\/\",\"name\":\"CAPEB Formations Aube\",\"description\":\"\",\"potentialAction\":[{\"@type\":\"SearchAction\",\"target\":{\"@type\":\"EntryPoint\",\"urlTemplate\":\"https:\\\/\\\/www.batiment-formations.fr\\\/10\\\/?s={search_term_string}\"},\"query-input\":{\"@type\":\"PropertyValueSpecification\",\"valueRequired\":true,\"valueName\":\"search_term_string\"}}],\"inLanguage\":\"fr-FR\"},{\"@type\":\"Person\",\"@id\":\"https:\\\/\\\/www.batiment-formations.fr\\\/10\\\/#\\\/schema\\\/person\\\/178ffd88f8e9e48b56a742d9765e9497\",\"name\":\"CAPEB Aube\",\"image\":{\"@type\":\"ImageObject\",\"inLanguage\":\"fr-FR\",\"@id\":\"https:\\\/\\\/secure.gravatar.com\\\/avatar\\\/82a874bf651ef3c0998e30198fe9ce8c517268d4227b03bd2ea5c8130c5c4c5d?s=96&d=mm&r=g\",\"url\":\"https:\\\/\\\/secure.gravatar.com\\\/avatar\\\/82a874bf651ef3c0998e30198fe9ce8c517268d4227b03bd2ea5c8130c5c4c5d?s=96&d=mm&r=g\",\"contentUrl\":\"https:\\\/\\\/secure.gravatar.com\\\/avatar\\\/82a874bf651ef3c0998e30198fe9ce8c517268d4227b03bd2ea5c8130c5c4c5d?s=96&d=mm&r=g\",\"caption\":\"CAPEB Aube\"}},{\"@type\":\"Organization\",\"@id\":\"https:\\\/\\\/www.batiment-formations.fr\\\/10\\\/#Organization\",\"name\":\"CAPEB Formations Aube\",\"address\":{\"@type\":\"PostalAddress\",\"streetAddress\":\"14 rue Am\u00e9d\u00e9e Boll\u00e9e\",\"addressLocality\":\"BARBEREY ST SULPICE\",\"postalCode\":\"10600\",\"addressCountry\":\"FR\"}}]}<\/script>\n<!-- \/ Yoast SEO plugin. -->","yoast_head_json":{"title":"FAFCEA\u00a0: \u00e9volution des crit\u00e8res de prise en charge au 1er juillet 2023 - CAPEB Formations Aube","robots":{"index":"index","follow":"follow","max-snippet":"max-snippet:-1","max-image-preview":"max-image-preview:large","max-video-preview":"max-video-preview:-1"},"canonical":"https:\/\/www.batiment-formations.fr\/10\/fafcea-evolution-des-criteres-de-prise-en-charge-au-1er-juillet-2023\/","og_locale":"fr_FR","og_type":"article","og_title":"FAFCEA\u00a0: \u00e9volution des crit\u00e8res de prise en charge au 1er juillet 2023 - CAPEB Formations Aube","og_description":"Le conseil d\u2019administration du FAFCEA a d\u00e9cid\u00e9 d\u2019ajuster les crit\u00e8res de prises en charge pour les formations d\u00e9butant \u00e0 compter du 1er [&hellip;]","og_url":"https:\/\/www.batiment-formations.fr\/10\/fafcea-evolution-des-criteres-de-prise-en-charge-au-1er-juillet-2023\/","og_site_name":"CAPEB Formations Aube","article_published_time":"2023-07-20T06:20:17+00:00","article_modified_time":"2023-07-20T11:40:32+00:00","og_image":[{"width":986,"height":362,"url":"https:\/\/www.batiment-formations.fr\/10\/wp-content\/uploads\/2023\/07\/FAFCEA.png","type":"image\/png"}],"author":"CAPEB Aube","twitter_card":"summary_large_image","twitter_misc":{"\u00c9crit par":"CAPEB Aube","Dur\u00e9e de lecture estim\u00e9e":"1 minute"},"schema":{"@context":"https:\/\/schema.org","@graph":[{"@type":"Article","@id":"https:\/\/www.batiment-formations.fr\/10\/fafcea-evolution-des-criteres-de-prise-en-charge-au-1er-juillet-2023\/#article","isPartOf":{"@id":"https:\/\/www.batiment-formations.fr\/10\/fafcea-evolution-des-criteres-de-prise-en-charge-au-1er-juillet-2023\/"},"author":{"name":"CAPEB Aube","@id":"https:\/\/www.batiment-formations.fr\/10\/#\/schema\/person\/178ffd88f8e9e48b56a742d9765e9497"},"headline":"FAFCEA\u00a0: \u00e9volution des crit\u00e8res de prise en charge au 1er juillet 2023","datePublished":"2023-07-20T06:20:17+00:00","dateModified":"2023-07-20T11:40:32+00:00","mainEntityOfPage":{"@id":"https:\/\/www.batiment-formations.fr\/10\/fafcea-evolution-des-criteres-de-prise-en-charge-au-1er-juillet-2023\/"},"wordCount":251,"commentCount":0,"image":{"@id":"https:\/\/www.batiment-formations.fr\/10\/fafcea-evolution-des-criteres-de-prise-en-charge-au-1er-juillet-2023\/#primaryimage"},"thumbnailUrl":"https:\/\/www.batiment-formations.fr\/10\/wp-content\/uploads\/2023\/07\/FAFCEA.png","inLanguage":"fr-FR","potentialAction":[{"@type":"CommentAction","name":"Comment","target":["https:\/\/www.batiment-formations.fr\/10\/fafcea-evolution-des-criteres-de-prise-en-charge-au-1er-juillet-2023\/#respond"]}]},{"@type":"WebPage","@id":"https:\/\/www.batiment-formations.fr\/10\/fafcea-evolution-des-criteres-de-prise-en-charge-au-1er-juillet-2023\/","url":"https:\/\/www.batiment-formations.fr\/10\/fafcea-evolution-des-criteres-de-prise-en-charge-au-1er-juillet-2023\/","name":"FAFCEA\u00a0: \u00e9volution des crit\u00e8res de prise en charge au 1er juillet 2023 - CAPEB Formations Aube","isPartOf":{"@id":"https:\/\/www.batiment-formations.fr\/10\/#website"},"primaryImageOfPage":{"@id":"https:\/\/www.batiment-formations.fr\/10\/fafcea-evolution-des-criteres-de-prise-en-charge-au-1er-juillet-2023\/#primaryimage"},"image":{"@id":"https:\/\/www.batiment-formations.fr\/10\/fafcea-evolution-des-criteres-de-prise-en-charge-au-1er-juillet-2023\/#primaryimage"},"thumbnailUrl":"https:\/\/www.batiment-formations.fr\/10\/wp-content\/uploads\/2023\/07\/FAFCEA.png","datePublished":"2023-07-20T06:20:17+00:00","dateModified":"2023-07-20T11:40:32+00:00","author":{"@id":"https:\/\/www.batiment-formations.fr\/10\/#\/schema\/person\/178ffd88f8e9e48b56a742d9765e9497"},"breadcrumb":{"@id":"https:\/\/www.batiment-formations.fr\/10\/fafcea-evolution-des-criteres-de-prise-en-charge-au-1er-juillet-2023\/#breadcrumb"},"inLanguage":"fr-FR","potentialAction":[{"@type":"ReadAction","target":["https:\/\/www.batiment-formations.fr\/10\/fafcea-evolution-des-criteres-de-prise-en-charge-au-1er-juillet-2023\/"]}]},{"@type":"ImageObject","inLanguage":"fr-FR","@id":"https:\/\/www.batiment-formations.fr\/10\/fafcea-evolution-des-criteres-de-prise-en-charge-au-1er-juillet-2023\/#primaryimage","url":"https:\/\/www.batiment-formations.fr\/10\/wp-content\/uploads\/2023\/07\/FAFCEA.png","contentUrl":"https:\/\/www.batiment-formations.fr\/10\/wp-content\/uploads\/2023\/07\/FAFCEA.png","width":986,"height":362},{"@type":"BreadcrumbList","@id":"https:\/\/www.batiment-formations.fr\/10\/fafcea-evolution-des-criteres-de-prise-en-charge-au-1er-juillet-2023\/#breadcrumb","itemListElement":[{"@type":"ListItem","position":1,"name":"Accueil","item":"https:\/\/www.batiment-formations.fr\/10\/"},{"@type":"ListItem","position":2,"name":"FAFCEA\u00a0: \u00e9volution des crit\u00e8res de prise en charge au 1er juillet 2023"}]},{"@type":"WebSite","@id":"https:\/\/www.batiment-formations.fr\/10\/#website","url":"https:\/\/www.batiment-formations.fr\/10\/","name":"CAPEB Formations Aube","description":"","potentialAction":[{"@type":"SearchAction","target":{"@type":"EntryPoint","urlTemplate":"https:\/\/www.batiment-formations.fr\/10\/?s={search_term_string}"},"query-input":{"@type":"PropertyValueSpecification","valueRequired":true,"valueName":"search_term_string"}}],"inLanguage":"fr-FR"},{"@type":"Person","@id":"https:\/\/www.batiment-formations.fr\/10\/#\/schema\/person\/178ffd88f8e9e48b56a742d9765e9497","name":"CAPEB Aube","image":{"@type":"ImageObject","inLanguage":"fr-FR","@id":"https:\/\/secure.gravatar.com\/avatar\/82a874bf651ef3c0998e30198fe9ce8c517268d4227b03bd2ea5c8130c5c4c5d?s=96&d=mm&r=g","url":"https:\/\/secure.gravatar.com\/avatar\/82a874bf651ef3c0998e30198fe9ce8c517268d4227b03bd2ea5c8130c5c4c5d?s=96&d=mm&r=g","contentUrl":"https:\/\/secure.gravatar.com\/avatar\/82a874bf651ef3c0998e30198fe9ce8c517268d4227b03bd2ea5c8130c5c4c5d?s=96&d=mm&r=g","caption":"CAPEB Aube"}},{"@type":"Organization","@id":"https:\/\/www.batiment-formations.fr\/10\/#Organization","name":"CAPEB Formations Aube","address":{"@type":"PostalAddress","streetAddress":"14 rue Am\u00e9d\u00e9e Boll\u00e9e","addressLocality":"BARBEREY ST SULPICE","postalCode":"10600","addressCountry":"FR"}}]}},"_links":{"self":[{"href":"https:\/\/www.batiment-formations.fr\/10\/wp-json\/wp\/v2\/posts\/1896","targetHints":{"allow":["GET"]}}],"collection":[{"href":"https:\/\/www.batiment-formations.fr\/10\/wp-json\/wp\/v2\/posts"}],"about":[{"href":"https:\/\/www.batiment-formations.fr\/10\/wp-json\/wp\/v2\/types\/post"}],"author":[{"embeddable":true,"href":"https:\/\/www.batiment-formations.fr\/10\/wp-json\/wp\/v2\/users\/15"}],"replies":[{"embeddable":true,"href":"https:\/\/www.batiment-formations.fr\/10\/wp-json\/wp\/v2\/comments?post=1896"}],"version-history":[{"count":1,"href":"https:\/\/www.batiment-formations.fr\/10\/wp-json\/wp\/v2\/posts\/1896\/revisions"}],"predecessor-version":[{"id":1897,"href":"https:\/\/www.batiment-formations.fr\/10\/wp-json\/wp\/v2\/posts\/1896\/revisions\/1897"}],"wp:featuredmedia":[{"embeddable":true,"href":"https:\/\/www.batiment-formations.fr\/10\/wp-json\/wp\/v2\/media\/1902"}],"wp:attachment":[{"href":"https:\/\/www.batiment-formations.fr\/10\/wp-json\/wp\/v2\/media?parent=1896"}],"curies":[{"name":"wp","href":"https:\/\/api.w.org\/{rel}","templated":true}]}}