{"id":1794,"date":"2025-06-20T11:06:22","date_gmt":"2025-06-20T09:06:22","guid":{"rendered":"https:\/\/www.batiment-formations.fr\/71\/?p=1794"},"modified":"2025-06-20T11:30:05","modified_gmt":"2025-06-20T09:30:05","slug":"fafcea-evolution-des-criteres-de-prise-en-charge-au-1er-juillet-2023","status":"publish","type":"post","link":"https:\/\/www.batiment-formations.fr\/71\/fafcea-evolution-des-criteres-de-prise-en-charge-au-1er-juillet-2023\/","title":{"rendered":"FORMATION DES CHEFS D&rsquo;ENTREPRISE : Crit\u00e8res de prise en charge FAFCEA"},"content":{"rendered":"\n<p><strong>Pensez \u00e0 demander une prise en charge AVANT de d\u00e9buter votre formation. <\/strong><\/p>\n\n\n\n<p><strong>Pour toute information concernant les proc\u00e9dures et crit\u00e8res de prise en charge, contactez le service formation de la CAPEB 71 au 03.85.90.97.77.<\/strong><\/p>\n\n\n\n<p><strong>Nous vous invitons \u00e9galement \u00e0 consulter le<\/strong> <a href=\"https:\/\/www.fafcea.com\">site du FAFCEA<\/a><\/p>\n\n\n\n<figure class=\"wp-block-image size-large is-resized\"><img loading=\"lazy\" decoding=\"async\" width=\"1024\" height=\"724\" src=\"https:\/\/www.batiment-formations.fr\/71\/wp-content\/uploads\/2024\/02\/FAFCEA-1-1024x724.jpg\" alt=\"\" class=\"wp-image-2483\" style=\"width:962px;height:auto\" srcset=\"https:\/\/www.batiment-formations.fr\/71\/wp-content\/uploads\/2024\/02\/FAFCEA-1-1024x724.jpg 1024w, https:\/\/www.batiment-formations.fr\/71\/wp-content\/uploads\/2024\/02\/FAFCEA-1-300x212.jpg 300w, https:\/\/www.batiment-formations.fr\/71\/wp-content\/uploads\/2024\/02\/FAFCEA-1-768x543.jpg 768w, https:\/\/www.batiment-formations.fr\/71\/wp-content\/uploads\/2024\/02\/FAFCEA-1-1536x1086.jpg 1536w, https:\/\/www.batiment-formations.fr\/71\/wp-content\/uploads\/2024\/02\/FAFCEA-1-2048x1448.jpg 2048w\" sizes=\"auto, (max-width: 1024px) 100vw, 1024px\" \/><\/figure>\n\n\n\n<figure class=\"wp-block-image size-large\"><img loading=\"lazy\" decoding=\"async\" width=\"1024\" height=\"724\" src=\"https:\/\/www.batiment-formations.fr\/71\/wp-content\/uploads\/2024\/02\/20250620105435_00002-3-1024x724.jpg\" alt=\"\" class=\"wp-image-2485\" srcset=\"https:\/\/www.batiment-formations.fr\/71\/wp-content\/uploads\/2024\/02\/20250620105435_00002-3-1024x724.jpg 1024w, https:\/\/www.batiment-formations.fr\/71\/wp-content\/uploads\/2024\/02\/20250620105435_00002-3-300x212.jpg 300w, https:\/\/www.batiment-formations.fr\/71\/wp-content\/uploads\/2024\/02\/20250620105435_00002-3-768x543.jpg 768w, https:\/\/www.batiment-formations.fr\/71\/wp-content\/uploads\/2024\/02\/20250620105435_00002-3-1536x1086.jpg 1536w, https:\/\/www.batiment-formations.fr\/71\/wp-content\/uploads\/2024\/02\/20250620105435_00002-3-2048x1448.jpg 2048w\" sizes=\"auto, (max-width: 1024px) 100vw, 1024px\" \/><\/figure>\n\n\n\n<p><\/p>\n","protected":false},"excerpt":{"rendered":"<p>Le conseil d\u2019administration du FAFCEA a d\u00e9cid\u00e9 d\u2019ajuster les crit\u00e8res de prises en charge pour les formations d\u00e9butant \u00e0 compter du 1er [&hellip;]<\/p>\n","protected":false},"author":15,"featured_media":1795,"comment_status":"open","ping_status":"open","sticky":false,"template":"","format":"standard","meta":{"footnotes":""},"class_list":["post-1794","post","type-post","status-publish","format-standard","has-post-thumbnail","hentry"],"yoast_head":"<!-- This site is optimized with the Yoast SEO plugin v17.2 - https:\/\/yoast.com\/wordpress\/plugins\/seo\/ -->\n<meta name=\"robots\" content=\"index, follow, max-snippet:-1, max-image-preview:large, max-video-preview:-1\" \/>\n<link rel=\"canonical\" href=\"https:\/\/www.batiment-formations.fr\/71\/fafcea-evolution-des-criteres-de-prise-en-charge-au-1er-juillet-2023\/\" \/>\n<meta property=\"og:locale\" content=\"fr_FR\" \/>\n<meta property=\"og:type\" content=\"article\" \/>\n<meta property=\"og:title\" content=\"FORMATION DES CHEFS D&#039;ENTREPRISE : Crit\u00e8res de prise en charge FAFCEA - CAPEB Formations Sa\u00f4ne-et-Loire\" \/>\n<meta property=\"og:description\" content=\"Le conseil d\u2019administration du FAFCEA a d\u00e9cid\u00e9 d\u2019ajuster les crit\u00e8res de prises en charge pour les formations d\u00e9butant \u00e0 compter du 1er [&hellip;]\" \/>\n<meta property=\"og:url\" content=\"https:\/\/www.batiment-formations.fr\/71\/fafcea-evolution-des-criteres-de-prise-en-charge-au-1er-juillet-2023\/\" \/>\n<meta property=\"og:site_name\" content=\"CAPEB Formations Sa\u00f4ne-et-Loire\" \/>\n<meta property=\"article:published_time\" content=\"2025-06-20T09:06:22+00:00\" \/>\n<meta property=\"article:modified_time\" content=\"2025-06-20T09:30:05+00:00\" \/>\n<meta property=\"og:image\" content=\"https:\/\/www.batiment-formations.fr\/71\/wp-content\/uploads\/2023\/09\/Logo-FAFCEA-min.jpg\" \/>\n\t<meta property=\"og:image:width\" content=\"2362\" \/>\n\t<meta property=\"og:image:height\" content=\"1181\" \/>\n<meta name=\"twitter:card\" content=\"summary_large_image\" \/>\n<meta name=\"twitter:label1\" content=\"\u00c9crit par\" \/>\n\t<meta name=\"twitter:data1\" content=\"CAPEB Sa\u00f4ne-et-Loire\" \/>\n<script type=\"application\/ld+json\" class=\"yoast-schema-graph\">{\"@context\":\"https:\/\/schema.org\",\"@graph\":[{\"@type\":\"WebSite\",\"@id\":\"https:\/\/www.batiment-formations.fr\/71\/#website\",\"url\":\"https:\/\/www.batiment-formations.fr\/71\/\",\"name\":\"CAPEB Formations Sa\\u00f4ne-et-Loire\",\"description\":\"\",\"potentialAction\":[{\"@type\":\"SearchAction\",\"target\":{\"@type\":\"EntryPoint\",\"urlTemplate\":\"https:\/\/www.batiment-formations.fr\/71\/?s={search_term_string}\"},\"query-input\":\"required name=search_term_string\"}],\"inLanguage\":\"fr-FR\"},{\"@type\":\"ImageObject\",\"@id\":\"https:\/\/www.batiment-formations.fr\/71\/fafcea-evolution-des-criteres-de-prise-en-charge-au-1er-juillet-2023\/#primaryimage\",\"inLanguage\":\"fr-FR\",\"url\":\"https:\/\/www.batiment-formations.fr\/71\/wp-content\/uploads\/2023\/09\/Logo-FAFCEA-min.jpg\",\"contentUrl\":\"https:\/\/www.batiment-formations.fr\/71\/wp-content\/uploads\/2023\/09\/Logo-FAFCEA-min.jpg\",\"width\":2362,\"height\":1181},{\"@type\":\"WebPage\",\"@id\":\"https:\/\/www.batiment-formations.fr\/71\/fafcea-evolution-des-criteres-de-prise-en-charge-au-1er-juillet-2023\/#webpage\",\"url\":\"https:\/\/www.batiment-formations.fr\/71\/fafcea-evolution-des-criteres-de-prise-en-charge-au-1er-juillet-2023\/\",\"name\":\"FORMATION DES CHEFS D'ENTREPRISE : Crit\\u00e8res de prise en charge FAFCEA - CAPEB Formations Sa\\u00f4ne-et-Loire\",\"isPartOf\":{\"@id\":\"https:\/\/www.batiment-formations.fr\/71\/#website\"},\"primaryImageOfPage\":{\"@id\":\"https:\/\/www.batiment-formations.fr\/71\/fafcea-evolution-des-criteres-de-prise-en-charge-au-1er-juillet-2023\/#primaryimage\"},\"datePublished\":\"2025-06-20T09:06:22+00:00\",\"dateModified\":\"2025-06-20T09:30:05+00:00\",\"author\":{\"@id\":\"https:\/\/www.batiment-formations.fr\/71\/#\/schema\/person\/154e1be8cdb2becc3f8c043c024b452a\"},\"breadcrumb\":{\"@id\":\"https:\/\/www.batiment-formations.fr\/71\/fafcea-evolution-des-criteres-de-prise-en-charge-au-1er-juillet-2023\/#breadcrumb\"},\"inLanguage\":\"fr-FR\",\"potentialAction\":[{\"@type\":\"ReadAction\",\"target\":[\"https:\/\/www.batiment-formations.fr\/71\/fafcea-evolution-des-criteres-de-prise-en-charge-au-1er-juillet-2023\/\"]}]},{\"@type\":\"BreadcrumbList\",\"@id\":\"https:\/\/www.batiment-formations.fr\/71\/fafcea-evolution-des-criteres-de-prise-en-charge-au-1er-juillet-2023\/#breadcrumb\",\"itemListElement\":[{\"@type\":\"ListItem\",\"position\":1,\"name\":\"Accueil\",\"item\":\"https:\/\/www.batiment-formations.fr\/71\/\"},{\"@type\":\"ListItem\",\"position\":2,\"name\":\"FORMATION DES CHEFS D&rsquo;ENTREPRISE : Crit\\u00e8res de prise en charge FAFCEA\"}]},{\"@type\":\"Person\",\"@id\":\"https:\/\/www.batiment-formations.fr\/71\/#\/schema\/person\/154e1be8cdb2becc3f8c043c024b452a\",\"name\":\"CAPEB Sa\\u00f4ne-et-Loire\",\"image\":{\"@type\":\"ImageObject\",\"@id\":\"https:\/\/www.batiment-formations.fr\/71\/#personlogo\",\"inLanguage\":\"fr-FR\",\"url\":\"https:\/\/secure.gravatar.com\/avatar\/fa110370f5dc72f37fd34451124e2871682b69b505fd84007d8db5b8bb41edaf?s=96&d=mm&r=g\",\"contentUrl\":\"https:\/\/secure.gravatar.com\/avatar\/fa110370f5dc72f37fd34451124e2871682b69b505fd84007d8db5b8bb41edaf?s=96&d=mm&r=g\",\"caption\":\"CAPEB Sa\\u00f4ne-et-Loire\"}}]}<\/script>\n<!-- \/ Yoast SEO plugin. -->","yoast_head_json":{"robots":{"index":"index","follow":"follow","max-snippet":"max-snippet:-1","max-image-preview":"max-image-preview:large","max-video-preview":"max-video-preview:-1"},"canonical":"https:\/\/www.batiment-formations.fr\/71\/fafcea-evolution-des-criteres-de-prise-en-charge-au-1er-juillet-2023\/","og_locale":"fr_FR","og_type":"article","og_title":"FORMATION DES CHEFS D'ENTREPRISE : Crit\u00e8res de prise en charge FAFCEA - CAPEB Formations Sa\u00f4ne-et-Loire","og_description":"Le conseil d\u2019administration du FAFCEA a d\u00e9cid\u00e9 d\u2019ajuster les crit\u00e8res de prises en charge pour les formations d\u00e9butant \u00e0 compter du 1er [&hellip;]","og_url":"https:\/\/www.batiment-formations.fr\/71\/fafcea-evolution-des-criteres-de-prise-en-charge-au-1er-juillet-2023\/","og_site_name":"CAPEB Formations Sa\u00f4ne-et-Loire","article_published_time":"2025-06-20T09:06:22+00:00","article_modified_time":"2025-06-20T09:30:05+00:00","og_image":[{"width":2362,"height":1181,"filesize":105253,"url":"https:\/\/www.batiment-formations.fr\/71\/wp-content\/uploads\/2023\/09\/Logo-FAFCEA-min.jpg","path":"\/data\/vhosts\/batiment-formations.fr\/httpdocs\/71\/wp-content\/uploads\/2023\/09\/Logo-FAFCEA-min.jpg","size":"full","id":1795,"alt":"","pixels":2789522,"type":"image\/jpeg"}],"twitter_card":"summary_large_image","twitter_misc":{"\u00c9crit par":"CAPEB Sa\u00f4ne-et-Loire"},"schema":{"@context":"https:\/\/schema.org","@graph":[{"@type":"WebSite","@id":"https:\/\/www.batiment-formations.fr\/71\/#website","url":"https:\/\/www.batiment-formations.fr\/71\/","name":"CAPEB Formations Sa\u00f4ne-et-Loire","description":"","potentialAction":[{"@type":"SearchAction","target":{"@type":"EntryPoint","urlTemplate":"https:\/\/www.batiment-formations.fr\/71\/?s={search_term_string}"},"query-input":"required name=search_term_string"}],"inLanguage":"fr-FR"},{"@type":"ImageObject","@id":"https:\/\/www.batiment-formations.fr\/71\/fafcea-evolution-des-criteres-de-prise-en-charge-au-1er-juillet-2023\/#primaryimage","inLanguage":"fr-FR","url":"https:\/\/www.batiment-formations.fr\/71\/wp-content\/uploads\/2023\/09\/Logo-FAFCEA-min.jpg","contentUrl":"https:\/\/www.batiment-formations.fr\/71\/wp-content\/uploads\/2023\/09\/Logo-FAFCEA-min.jpg","width":2362,"height":1181},{"@type":"WebPage","@id":"https:\/\/www.batiment-formations.fr\/71\/fafcea-evolution-des-criteres-de-prise-en-charge-au-1er-juillet-2023\/#webpage","url":"https:\/\/www.batiment-formations.fr\/71\/fafcea-evolution-des-criteres-de-prise-en-charge-au-1er-juillet-2023\/","name":"FORMATION DES CHEFS D'ENTREPRISE : Crit\u00e8res de prise en charge FAFCEA - CAPEB Formations Sa\u00f4ne-et-Loire","isPartOf":{"@id":"https:\/\/www.batiment-formations.fr\/71\/#website"},"primaryImageOfPage":{"@id":"https:\/\/www.batiment-formations.fr\/71\/fafcea-evolution-des-criteres-de-prise-en-charge-au-1er-juillet-2023\/#primaryimage"},"datePublished":"2025-06-20T09:06:22+00:00","dateModified":"2025-06-20T09:30:05+00:00","author":{"@id":"https:\/\/www.batiment-formations.fr\/71\/#\/schema\/person\/154e1be8cdb2becc3f8c043c024b452a"},"breadcrumb":{"@id":"https:\/\/www.batiment-formations.fr\/71\/fafcea-evolution-des-criteres-de-prise-en-charge-au-1er-juillet-2023\/#breadcrumb"},"inLanguage":"fr-FR","potentialAction":[{"@type":"ReadAction","target":["https:\/\/www.batiment-formations.fr\/71\/fafcea-evolution-des-criteres-de-prise-en-charge-au-1er-juillet-2023\/"]}]},{"@type":"BreadcrumbList","@id":"https:\/\/www.batiment-formations.fr\/71\/fafcea-evolution-des-criteres-de-prise-en-charge-au-1er-juillet-2023\/#breadcrumb","itemListElement":[{"@type":"ListItem","position":1,"name":"Accueil","item":"https:\/\/www.batiment-formations.fr\/71\/"},{"@type":"ListItem","position":2,"name":"FORMATION DES CHEFS D&rsquo;ENTREPRISE : Crit\u00e8res de prise en charge FAFCEA"}]},{"@type":"Person","@id":"https:\/\/www.batiment-formations.fr\/71\/#\/schema\/person\/154e1be8cdb2becc3f8c043c024b452a","name":"CAPEB Sa\u00f4ne-et-Loire","image":{"@type":"ImageObject","@id":"https:\/\/www.batiment-formations.fr\/71\/#personlogo","inLanguage":"fr-FR","url":"https:\/\/secure.gravatar.com\/avatar\/fa110370f5dc72f37fd34451124e2871682b69b505fd84007d8db5b8bb41edaf?s=96&d=mm&r=g","contentUrl":"https:\/\/secure.gravatar.com\/avatar\/fa110370f5dc72f37fd34451124e2871682b69b505fd84007d8db5b8bb41edaf?s=96&d=mm&r=g","caption":"CAPEB Sa\u00f4ne-et-Loire"}}]}},"_links":{"self":[{"href":"https:\/\/www.batiment-formations.fr\/71\/wp-json\/wp\/v2\/posts\/1794","targetHints":{"allow":["GET"]}}],"collection":[{"href":"https:\/\/www.batiment-formations.fr\/71\/wp-json\/wp\/v2\/posts"}],"about":[{"href":"https:\/\/www.batiment-formations.fr\/71\/wp-json\/wp\/v2\/types\/post"}],"author":[{"embeddable":true,"href":"https:\/\/www.batiment-formations.fr\/71\/wp-json\/wp\/v2\/users\/15"}],"replies":[{"embeddable":true,"href":"https:\/\/www.batiment-formations.fr\/71\/wp-json\/wp\/v2\/comments?post=1794"}],"version-history":[{"count":18,"href":"https:\/\/www.batiment-formations.fr\/71\/wp-json\/wp\/v2\/posts\/1794\/revisions"}],"predecessor-version":[{"id":2496,"href":"https:\/\/www.batiment-formations.fr\/71\/wp-json\/wp\/v2\/posts\/1794\/revisions\/2496"}],"wp:featuredmedia":[{"embeddable":true,"href":"https:\/\/www.batiment-formations.fr\/71\/wp-json\/wp\/v2\/media\/1795"}],"wp:attachment":[{"href":"https:\/\/www.batiment-formations.fr\/71\/wp-json\/wp\/v2\/media?parent=1794"}],"curies":[{"name":"wp","href":"https:\/\/api.w.org\/{rel}","templated":true}]}}